{"id":1394,"date":"2025-08-18T08:35:23","date_gmt":"2025-08-18T06:35:23","guid":{"rendered":"https:\/\/blog.life-is-risk.com\/?p=1394"},"modified":"2025-09-14T08:43:03","modified_gmt":"2025-09-14T06:43:03","slug":"18-08-2025-aschau","status":"publish","type":"post","link":"https:\/\/blog.life-is-risk.com\/index.php\/2025\/08\/18\/18-08-2025-aschau\/","title":{"rendered":"18.08.2025: Aschau"},"content":{"rendered":"<p style=\"text-align: justify;\">Jetzt sind es fast vier Monate, dass wir in Aschau wohnen&#8230;was war..Eine Zeit, die viel Umbruch mit sich gebracht hat. Viel Ver\u00e4nderung. \u00c4usserlich wie innerlich. Sind wir anders geworden. Ich w\u00fcrde sagen ja, irgendwie schon. Hat die Umgebung dazu beigetragen. Definitiv. Sie hat uns nicht beeinflusst, also ich habe mich im Kopf nicht so ver\u00e4ndert, wie es die Umgebung vorgab. Sie half mir nur dabei etwas mehr zu mir zu finden. Die Ruhe, die Gelassenheit, die Freiheit tiefer durchzuatmen und die Dinge bewusster wahrzunehmen. Die Natur st\u00e4ndig vor einem zu sehen, sei es der gr\u00fcne Wald, der Sonnenaufgang oder Sonnenuntergang sowie der Regen, der oft genug den Regenbogen mit sich gebracht hat&#8230;waren einfach Momente die einen zentrieren. Gleich drau\u00dfen zu sein, einfach losgehen und oben ankommen ohne Umwege, mit dem Rad losfahren ohne Verkehr, die Temperatur nicht mehr als eklig klebrig sondern bewusst wahrzunehmen, das hat alles Aschau gebracht. Auch immer mehr ankommen. Eine kleine Community bilden. Die M\u00e4dels in der Metzgerei kennen mich mittlerweile beim Namen, wir sehen die Leute vom Kampenwand-Flieger-Verein \u00f6fters, sei es am Stammtisch oder beim Rock unterm Schloss.&nbsp;<br \/>\nEs gab bis jetzt keinen einzige Tag an dem ich den Entschluss bereut habe. Ich hoffe es folgen noch viele sch\u00f6ne Momente.&nbsp;<\/p>\nngg_shortcode_0_placeholder\n","protected":false},"excerpt":{"rendered":"<p>Jetzt sind es fast vier Monate, dass wir in Aschau wohnen&#8230;was war..Eine Zeit, die viel Umbruch mit sich gebracht hat. Viel Ver\u00e4nderung. \u00c4usserlich wie innerlich. Sind wir anders geworden. Ich w\u00fcrde sagen ja, irgendwie schon. Hat die Umgebung dazu beigetragen. Definitiv. Sie hat uns nicht beeinflusst, also ich habe mich im Kopf nicht so ver\u00e4ndert, [&hellip;]<\/p>\n","protected":false},"author":1,"featured_media":1395,"comment_status":"open","ping_status":"open","sticky":false,"template":"","format":"standard","meta":{"ngg_post_thumbnail":0,"footnotes":""},"categories":[1],"tags":[],"class_list":["post-1394","post","type-post","status-publish","format-standard","has-post-thumbnail","hentry","category-allgemein"],"_links":{"self":[{"href":"https:\/\/blog.life-is-risk.com\/index.php\/wp-json\/wp\/v2\/posts\/1394","targetHints":{"allow":["GET"]}}],"collection":[{"href":"https:\/\/blog.life-is-risk.com\/index.php\/wp-json\/wp\/v2\/posts"}],"about":[{"href":"https:\/\/blog.life-is-risk.com\/index.php\/wp-json\/wp\/v2\/types\/post"}],"author":[{"embeddable":true,"href":"https:\/\/blog.life-is-risk.com\/index.php\/wp-json\/wp\/v2\/users\/1"}],"replies":[{"embeddable":true,"href":"https:\/\/blog.life-is-risk.com\/index.php\/wp-json\/wp\/v2\/comments?post=1394"}],"version-history":[{"count":1,"href":"https:\/\/blog.life-is-risk.com\/index.php\/wp-json\/wp\/v2\/posts\/1394\/revisions"}],"predecessor-version":[{"id":1396,"href":"https:\/\/blog.life-is-risk.com\/index.php\/wp-json\/wp\/v2\/posts\/1394\/revisions\/1396"}],"wp:featuredmedia":[{"embeddable":true,"href":"https:\/\/blog.life-is-risk.com\/index.php\/wp-json\/wp\/v2\/media\/1395"}],"wp:attachment":[{"href":"https:\/\/blog.life-is-risk.com\/index.php\/wp-json\/wp\/v2\/media?parent=1394"}],"wp:term":[{"taxonomy":"category","embeddable":true,"href":"https:\/\/blog.life-is-risk.com\/index.php\/wp-json\/wp\/v2\/categories?post=1394"},{"taxonomy":"post_tag","embeddable":true,"href":"https:\/\/blog.life-is-risk.com\/index.php\/wp-json\/wp\/v2\/tags?post=1394"}],"curies":[{"name":"wp","href":"https:\/\/api.w.org\/{rel}","templated":true}]}}