{"id":2436,"date":"2025-10-23T19:03:44","date_gmt":"2025-10-23T17:03:44","guid":{"rendered":"https:\/\/blog.life-is-risk.com\/?p=2436"},"modified":"2025-12-22T14:57:35","modified_gmt":"2025-12-22T13:57:35","slug":"23-10-2025-bassano","status":"publish","type":"post","link":"https:\/\/blog.life-is-risk.com\/index.php\/2025\/10\/23\/23-10-2025-bassano\/","title":{"rendered":"23.\/24.10.2025: Bassano"},"content":{"rendered":"<p style=\"text-align: justify;\">Heute war ein ganz besonderer Tag. Lauras Geburtstag. Ich schlich mich von oben runter und unten gab es erst mal eine lange Knuddel und Kuscheleinheit. Danach \u00fcberreichte ich ihr ihre Geschenke. Das besonderste war eigentlich dabei das J\u00e4ger-Hoagascht von der Stubn bei uns in Aschau, Ende November. Sie freute sich riesig und war dann auch gut besch\u00e4ftigt alle weiteren Gl\u00fcckw\u00fcnsche zu beantworten. Anschlie\u00dfend machten wir uns langsam auf. N\u00e4chstes Ziel war Bassano. Leider war das Wetter f\u00fcr heute echt schlecht vorher gesagt. Also beeilten wir uns und rechtzeitig vor dem ersten Tropfen hatten wir alles in Myr drin. Danach gings los. Aber bevor wir auf die Autobahn fuhren gings noch nach Jesolo, wo wir uns ein reinigendes Bad in der Adria g\u00f6nnten. New Year, new me or us oder so \u00e4hnlich. Das Wasser war schon k\u00e4lter als gedacht, aber es tat gut. Danach zogen wir schnell die dicken Sachen und und ich machte uns Waffeln drau\u00dfen vor dem Bus. So gest\u00e4rkt und mit dem Gef\u00fchl doch noch was gutes aus dem Tag gemacht zu haben gings zur\u00fcck auf die Autobahn. Starker Regen verfolgte uns dann bis kurz vor Bassano, wo es dann aufklarte. Wir bekamen noch einen Platz, machten uns ready und gingen dann noch kurz spazieren. Hier zeigte ich Laura dann alles was ich so kannte bzw. den Landeplatz hatten wir schon vor dem Einchecken am Camping angeschaut. Danach hie\u00df es ab in die Pizzaria Abbazia wo Laura zur Feier des Tages ihre glutenfreie Pizza bekam.&nbsp;<\/p>\n<p style=\"text-align: justify;\">Der n\u00e4chste Tag war dann strahlend sch\u00f6n. Die Sonne kam raus und so war dann endlich das Feeling da, welches wir gesucht haben. Die warme Herbstsonne im Gesicht, milde Temperaturen. Mega. Wir fr\u00fchst\u00fcckten und machten uns dann fertig f\u00fcr den Shuttle. Der hatte uns leider irgendwie vergessen, aber macht nix. Wir kamen dann doch irgendwann mit und so gings hoch zu den Startpl\u00e4tzen. Stella lie\u00dfen wir mal aus und fuhren direkt zum Beppi. Hier schauten wir nochmal vom Drachenstartplatz aus das Panorama an. Einfach mega. Was wir aber dann erlebten war nicht mehr so mega. Der Startplatz war derma\u00dfen voll, dass wir schon \u00fcberlegten wieder runter zu fahren. Das war echt mal eine andere Liga. Wir bereiten uns dann am Ende dennoch vor, legten aus, rafften zusammen und stellten uns an. Zum Gl\u00fcck hatte ich die Zeit gestoppt. Eine Stunde warten war angesagt. Danach folgten 15 Minuten Flug. Laura blieb deutlich l\u00e4nger in der Luft, ich war einfach zufrieden wieder einen Flug gut \u00fcberstanden zu haben. Ich war mit der Landeeinteilung sehr zufrieden. Auch wenn ich den Punkt nicht getroffen hatte, aber der Wind wechselte ganz komisch, so dass ich mich kurz umentschied und gut gegen den Wind landete. Laura hatte eine fast Ber\u00fchrung, da der Typ der vor ihr war einfach nicht schaute und ihr voll den Platz zu machte. Zudem landete vor mir einer noch in den Weinreben. Chaos. Einfach zu viele Leute. Egal, bei uns war alles gut. Wir g\u00f6nnten uns eine Getr\u00e4nk am Landeplatz, aber ein weiteres Mal wollten wir nicht hoch. So spazierten wir gem\u00fctlich zur\u00fcck und Laura traf sogar einen aus der Portugal Gruppe vom Anfang vom Jahr. Leider erz\u00e4hlte dieser sp\u00e4ter, dass eine aus seiner Gruppe einen schweren Absturz hatte (auch beim Landen mit zu vielen Leuten). Boah&#8230;naja. wir lie\u00dfen das so mal stehen und genossen die Sonne am Nachmittag. Nach einem kleinen Spaziergang ging es erneut in die Abbazia.<\/p>\n","protected":false},"excerpt":{"rendered":"<p>Heute war ein ganz besonderer Tag. Lauras Geburtstag. Ich schlich mich von oben runter und unten gab es erst mal eine lange Knuddel und Kuscheleinheit. Danach \u00fcberreichte ich ihr ihre Geschenke. Das besonderste war eigentlich dabei das J\u00e4ger-Hoagascht von der Stubn bei uns in Aschau, Ende November. Sie freute sich riesig und war dann auch [&hellip;]<\/p>\n","protected":false},"author":1,"featured_media":2437,"comment_status":"open","ping_status":"open","sticky":false,"template":"","format":"standard","meta":{"ngg_post_thumbnail":0,"footnotes":""},"categories":[23],"tags":[],"class_list":["post-2436","post","type-post","status-publish","format-standard","has-post-thumbnail","hentry","category-gleitschirm"],"_links":{"self":[{"href":"https:\/\/blog.life-is-risk.com\/index.php\/wp-json\/wp\/v2\/posts\/2436","targetHints":{"allow":["GET"]}}],"collection":[{"href":"https:\/\/blog.life-is-risk.com\/index.php\/wp-json\/wp\/v2\/posts"}],"about":[{"href":"https:\/\/blog.life-is-risk.com\/index.php\/wp-json\/wp\/v2\/types\/post"}],"author":[{"embeddable":true,"href":"https:\/\/blog.life-is-risk.com\/index.php\/wp-json\/wp\/v2\/users\/1"}],"replies":[{"embeddable":true,"href":"https:\/\/blog.life-is-risk.com\/index.php\/wp-json\/wp\/v2\/comments?post=2436"}],"version-history":[{"count":3,"href":"https:\/\/blog.life-is-risk.com\/index.php\/wp-json\/wp\/v2\/posts\/2436\/revisions"}],"predecessor-version":[{"id":2454,"href":"https:\/\/blog.life-is-risk.com\/index.php\/wp-json\/wp\/v2\/posts\/2436\/revisions\/2454"}],"wp:featuredmedia":[{"embeddable":true,"href":"https:\/\/blog.life-is-risk.com\/index.php\/wp-json\/wp\/v2\/media\/2437"}],"wp:attachment":[{"href":"https:\/\/blog.life-is-risk.com\/index.php\/wp-json\/wp\/v2\/media?parent=2436"}],"wp:term":[{"taxonomy":"category","embeddable":true,"href":"https:\/\/blog.life-is-risk.com\/index.php\/wp-json\/wp\/v2\/categories?post=2436"},{"taxonomy":"post_tag","embeddable":true,"href":"https:\/\/blog.life-is-risk.com\/index.php\/wp-json\/wp\/v2\/tags?post=2436"}],"curies":[{"name":"wp","href":"https:\/\/api.w.org\/{rel}","templated":true}]}}