{"id":3027,"date":"2026-01-09T17:52:29","date_gmt":"2026-01-09T16:52:29","guid":{"rendered":"https:\/\/blog.life-is-risk.com\/?p=3027"},"modified":"2026-02-07T18:00:14","modified_gmt":"2026-02-07T17:00:14","slug":"09-01-2026-hofalm","status":"publish","type":"post","link":"https:\/\/blog.life-is-risk.com\/index.php\/2026\/01\/09\/09-01-2026-hofalm\/","title":{"rendered":"09.01.2026: Hofalm"},"content":{"rendered":"<p style=\"text-align: justify;\">Zur\u00fcck in Aschau, zur\u00fcck in den Alltag. Die Arbeit ist wieder los gegangen und tats\u00e4chlich komme ich vom Kopf her einigerma\u00dfen klar. Also im Sinne sie ist nicht negativ, aber auch nicht weil mich die Arbeit nervt, sondern bei mir kommt es oft dar\u00fcber, dass ich eigentlich noch was erreichen will, was drau\u00dfen machen will. Aber bewusst diesen Teil jetzt mitzunehmen und zu sagen, dass ist auch n\u00f6tig. Also Alltag, mit anderem Input, mit Regelm\u00e4\u00dfigkeit.&nbsp;<br \/>\nDaher ging es es auch wieder auf die altbekannte Hofalm. Mein Lieblings-Trail. Einfach und der erste den ich seit der Kreuzbandverletzung gegangen bin. Es ist ruhig, es ist sch\u00f6n. Es hat geschneit und damit ist die Landschaft bedeckt bzw. mit einer Decke umh\u00fcllt. Ger\u00e4usche sind ged\u00e4mpft, Farben sind ged\u00e4mpft. Nur das Knirschen des Schnees. Das Gef\u00fchl der K\u00e4lte, wenn eine kleine Brise durch den Wald weht. Das Bl\u00e4tterrauschen. Natur&#8230;.eins. Oben dann eine andere Stimmung. Die Wolkendecke rei\u00dft auf und der blaue Streifen Himmel f\u00fchlt sich wie aus einer anderen Welt an. Hier und da blitzt das Gras durch den Schnee auf und bringt Farbe rein. Es ist als ob man langsam erwacht. Dennoch insgesamt einfach viel zu wenig Schnee f\u00fcr die Jahreszeit. Mich st\u00f6rt es dieses mal nicht. Runter dann zum Sonnenuntergang. Es wird langsam dunkel. Die \u00fcbliche Stille sowohl f\u00fcr die Ohren wie auch f\u00fcr die Augen tritt ein. Nur die beleuchtete Burg und die Bahn brechen durch.&nbsp;<\/p>\nngg_shortcode_0_placeholder\n","protected":false},"excerpt":{"rendered":"<p>Zur\u00fcck in Aschau, zur\u00fcck in den Alltag. Die Arbeit ist wieder los gegangen und tats\u00e4chlich komme ich vom Kopf her einigerma\u00dfen klar. Also im Sinne sie ist nicht negativ, aber auch nicht weil mich die Arbeit nervt, sondern bei mir kommt es oft dar\u00fcber, dass ich eigentlich noch was erreichen will, was drau\u00dfen machen will. [&hellip;]<\/p>\n","protected":false},"author":1,"featured_media":3030,"comment_status":"open","ping_status":"open","sticky":false,"template":"","format":"standard","meta":{"ngg_post_thumbnail":0,"footnotes":""},"categories":[16],"tags":[],"class_list":["post-3027","post","type-post","status-publish","format-standard","has-post-thumbnail","hentry","category-trailrun"],"_links":{"self":[{"href":"https:\/\/blog.life-is-risk.com\/index.php\/wp-json\/wp\/v2\/posts\/3027","targetHints":{"allow":["GET"]}}],"collection":[{"href":"https:\/\/blog.life-is-risk.com\/index.php\/wp-json\/wp\/v2\/posts"}],"about":[{"href":"https:\/\/blog.life-is-risk.com\/index.php\/wp-json\/wp\/v2\/types\/post"}],"author":[{"embeddable":true,"href":"https:\/\/blog.life-is-risk.com\/index.php\/wp-json\/wp\/v2\/users\/1"}],"replies":[{"embeddable":true,"href":"https:\/\/blog.life-is-risk.com\/index.php\/wp-json\/wp\/v2\/comments?post=3027"}],"version-history":[{"count":1,"href":"https:\/\/blog.life-is-risk.com\/index.php\/wp-json\/wp\/v2\/posts\/3027\/revisions"}],"predecessor-version":[{"id":3029,"href":"https:\/\/blog.life-is-risk.com\/index.php\/wp-json\/wp\/v2\/posts\/3027\/revisions\/3029"}],"wp:featuredmedia":[{"embeddable":true,"href":"https:\/\/blog.life-is-risk.com\/index.php\/wp-json\/wp\/v2\/media\/3030"}],"wp:attachment":[{"href":"https:\/\/blog.life-is-risk.com\/index.php\/wp-json\/wp\/v2\/media?parent=3027"}],"wp:term":[{"taxonomy":"category","embeddable":true,"href":"https:\/\/blog.life-is-risk.com\/index.php\/wp-json\/wp\/v2\/categories?post=3027"},{"taxonomy":"post_tag","embeddable":true,"href":"https:\/\/blog.life-is-risk.com\/index.php\/wp-json\/wp\/v2\/tags?post=3027"}],"curies":[{"name":"wp","href":"https:\/\/api.w.org\/{rel}","templated":true}]}}